{"id":9512,"date":"2019-08-02T13:46:17","date_gmt":"2019-08-02T11:46:17","guid":{"rendered":"https:\/\/agro-kuca.hr\/?p=9512"},"modified":"2019-09-04T10:44:55","modified_gmt":"2019-09-04T08:44:55","slug":"summer-production-in-garden-center","status":"publish","type":"post","link":"https:\/\/agro-kuca.hr\/en\/summer-production-in-garden-center\/","title":{"rendered":"Summer production in Garden center"},"content":{"rendered":"\n<p>There is no rest in production facilities of our <a href=\"https:\/\/agro-kuca.hr\/en\/poslovnice\/vrtni-centar-koprivnica\/\">Garden Center<\/a> even in the summer season. A new production cycle is underway from which we already have our first plants on sale, with much more arriving soon. Perennials hosta and heucera are currently at offer, soon they will be joined by chrysanthemums and multiflora. That&#8217;s not all, our skilled experts are preparing many more novelties. Our modernly equipped greenhouses meet all seasonal needs and our experience guarantees the delivery of healthy and resilient plants. Throughout the year, you can purchase various types of <a href=\"https:\/\/agro-kuca.hr\/kategorija-proizvoda\/tegle\/pvc\/\">flowerpots<\/a> at Agrokuca&#8217;s outlets. We also provide plant fertilizers and a large selection of <a href=\"https:\/\/agro-kuca.hr\/kategorija-proizvoda\/vrt\/dekoracije\/\">garden decorations<\/a>.<\/p>\n\n\n\n<ul class=\"wp-block-gallery columns-4 is-cropped wp-block-gallery-1 is-layout-flex wp-block-gallery-is-layout-flex\"><li class=\"blocks-gallery-item\"><figure><a href=\"https:\/\/agro-kuca.hr\/wp-content\/uploads\/2019\/07\/3-10.jpg\" data-lbwps-width=\"4571\" data-lbwps-height=\"3245\" data-lbwps-srcsmall=\"https:\/\/agro-kuca.hr\/wp-content\/uploads\/2019\/07\/3-10-300x213.jpg\"><img loading=\"lazy\" decoding=\"async\" width=\"1024\" height=\"727\" src=\"https:\/\/agro-kuca.hr\/wp-content\/uploads\/2019\/07\/3-10-1024x727.jpg\" alt=\"\" data-id=\"9351\" data-link=\"https:\/\/agro-kuca.hr\/olympus-digital-camera-337\/\" class=\"wp-image-9351\" srcset=\"https:\/\/agro-kuca.hr\/wp-content\/uploads\/2019\/07\/3-10-1024x727.jpg 1024w, https:\/\/agro-kuca.hr\/wp-content\/uploads\/2019\/07\/3-10-768x545.jpg 768w, https:\/\/agro-kuca.hr\/wp-content\/uploads\/2019\/07\/3-10-634x450.jpg 634w, https:\/\/agro-kuca.hr\/wp-content\/uploads\/2019\/07\/3-10-300x213.jpg 300w, https:\/\/agro-kuca.hr\/wp-content\/uploads\/2019\/07\/3-10-600x426.jpg 600w, https:\/\/agro-kuca.hr\/wp-content\/uploads\/2019\/07\/3-10-64x45.jpg 64w\" sizes=\"auto, (max-width: 1024px) 100vw, 1024px\" \/><\/a><\/figure><\/li><li class=\"blocks-gallery-item\"><figure><a href=\"https:\/\/agro-kuca.hr\/wp-content\/uploads\/2019\/08\/11-1.jpg\" data-lbwps-width=\"3753\" data-lbwps-height=\"2049\" data-lbwps-srcsmall=\"https:\/\/agro-kuca.hr\/wp-content\/uploads\/2019\/08\/11-1-300x164.jpg\"><img loading=\"lazy\" decoding=\"async\" width=\"1024\" height=\"559\" src=\"https:\/\/agro-kuca.hr\/wp-content\/uploads\/2019\/08\/11-1-1024x559.jpg\" alt=\"\" data-id=\"9956\" data-link=\"https:\/\/agro-kuca.hr\/en\/summer-production-in-garden-center\/olympus-digital-camera-449\/\" class=\"wp-image-9956\" srcset=\"https:\/\/agro-kuca.hr\/wp-content\/uploads\/2019\/08\/11-1-1024x559.jpg 1024w, https:\/\/agro-kuca.hr\/wp-content\/uploads\/2019\/08\/11-1-768x419.jpg 768w, https:\/\/agro-kuca.hr\/wp-content\/uploads\/2019\/08\/11-1-800x437.jpg 800w, https:\/\/agro-kuca.hr\/wp-content\/uploads\/2019\/08\/11-1-300x164.jpg 300w, https:\/\/agro-kuca.hr\/wp-content\/uploads\/2019\/08\/11-1-600x328.jpg 600w, https:\/\/agro-kuca.hr\/wp-content\/uploads\/2019\/08\/11-1-64x35.jpg 64w\" sizes=\"auto, (max-width: 1024px) 100vw, 1024px\" \/><\/a><\/figure><\/li><li class=\"blocks-gallery-item\"><figure><a href=\"https:\/\/agro-kuca.hr\/wp-content\/uploads\/2019\/08\/12-1.jpg\" data-lbwps-width=\"3285\" data-lbwps-height=\"2949\" data-lbwps-srcsmall=\"https:\/\/agro-kuca.hr\/wp-content\/uploads\/2019\/08\/12-1-300x269.jpg\"><img loading=\"lazy\" decoding=\"async\" width=\"1024\" height=\"919\" src=\"https:\/\/agro-kuca.hr\/wp-content\/uploads\/2019\/08\/12-1-1024x919.jpg\" alt=\"\" data-id=\"9957\" data-link=\"https:\/\/agro-kuca.hr\/en\/summer-production-in-garden-center\/olympus-digital-camera-450\/\" class=\"wp-image-9957\" srcset=\"https:\/\/agro-kuca.hr\/wp-content\/uploads\/2019\/08\/12-1-1024x919.jpg 1024w, https:\/\/agro-kuca.hr\/wp-content\/uploads\/2019\/08\/12-1-768x689.jpg 768w, https:\/\/agro-kuca.hr\/wp-content\/uploads\/2019\/08\/12-1-501x450.jpg 501w, https:\/\/agro-kuca.hr\/wp-content\/uploads\/2019\/08\/12-1-300x269.jpg 300w, https:\/\/agro-kuca.hr\/wp-content\/uploads\/2019\/08\/12-1-600x539.jpg 600w, https:\/\/agro-kuca.hr\/wp-content\/uploads\/2019\/08\/12-1-64x57.jpg 64w\" sizes=\"auto, (max-width: 1024px) 100vw, 1024px\" \/><\/a><\/figure><\/li><li class=\"blocks-gallery-item\"><figure><a href=\"https:\/\/agro-kuca.hr\/wp-content\/uploads\/2019\/08\/13-1.jpg\" data-lbwps-width=\"4513\" data-lbwps-height=\"3329\" data-lbwps-srcsmall=\"https:\/\/agro-kuca.hr\/wp-content\/uploads\/2019\/08\/13-1-300x221.jpg\"><img loading=\"lazy\" decoding=\"async\" width=\"1024\" height=\"755\" src=\"https:\/\/agro-kuca.hr\/wp-content\/uploads\/2019\/08\/13-1-1024x755.jpg\" alt=\"\" data-id=\"9958\" data-link=\"https:\/\/agro-kuca.hr\/en\/summer-production-in-garden-center\/olympus-digital-camera-451\/\" class=\"wp-image-9958\" srcset=\"https:\/\/agro-kuca.hr\/wp-content\/uploads\/2019\/08\/13-1-1024x755.jpg 1024w, https:\/\/agro-kuca.hr\/wp-content\/uploads\/2019\/08\/13-1-768x567.jpg 768w, https:\/\/agro-kuca.hr\/wp-content\/uploads\/2019\/08\/13-1-610x450.jpg 610w, https:\/\/agro-kuca.hr\/wp-content\/uploads\/2019\/08\/13-1-300x221.jpg 300w, https:\/\/agro-kuca.hr\/wp-content\/uploads\/2019\/08\/13-1-600x443.jpg 600w, https:\/\/agro-kuca.hr\/wp-content\/uploads\/2019\/08\/13-1-64x47.jpg 64w\" sizes=\"auto, (max-width: 1024px) 100vw, 1024px\" \/><\/a><\/figure><\/li><\/ul>\n","protected":false},"excerpt":{"rendered":"<p>There is no rest in production facilities of our Garden Center even in the summer season. A new production cycle [&hellip;]<\/p>\n","protected":false},"author":4,"featured_media":9514,"comment_status":"open","ping_status":"open","sticky":false,"template":"","format":"standard","meta":{"_acf_changed":false,"footnotes":""},"categories":[704],"tags":[],"class_list":["post-9512","post","type-post","status-publish","format-standard","has-post-thumbnail","hentry","category-news"],"acf":[],"yoast_head":"<!-- This site is optimized with the Yoast SEO plugin v25.8 - https:\/\/yoast.com\/wordpress\/plugins\/seo\/ -->\n<title>Summer production in Garden center - Agro-ku\u0107a d.o.o., Koprivnica<\/title>\n<meta name=\"robots\" content=\"index, follow, max-snippet:-1, max-image-preview:large, max-video-preview:-1\" \/>\n<link rel=\"canonical\" href=\"https:\/\/agro-kuca.hr\/en\/summer-production-in-garden-center\/\" \/>\n<meta property=\"og:locale\" content=\"en_US\" \/>\n<meta property=\"og:type\" content=\"article\" \/>\n<meta property=\"og:title\" content=\"Summer production in Garden center - Agro-ku\u0107a d.o.o., Koprivnica\" \/>\n<meta property=\"og:description\" content=\"There is no rest in production facilities of our Garden Center even in the summer season. A new production cycle [&hellip;]\" \/>\n<meta property=\"og:url\" content=\"https:\/\/agro-kuca.hr\/en\/summer-production-in-garden-center\/\" \/>\n<meta property=\"og:site_name\" content=\"Agro-ku\u0107a d.o.o., Koprivnica\" \/>\n<meta property=\"article:publisher\" content=\"https:\/\/www.facebook.com\/AgroKucaKoprivnica\/\" \/>\n<meta property=\"article:published_time\" content=\"2019-08-02T11:46:17+00:00\" \/>\n<meta property=\"article:modified_time\" content=\"2019-09-04T08:44:55+00:00\" \/>\n<meta property=\"og:image\" content=\"https:\/\/agro-kuca.hr\/wp-content\/uploads\/2019\/08\/naslova-1024x714.jpg\" \/>\n\t<meta property=\"og:image:width\" content=\"1024\" \/>\n\t<meta property=\"og:image:height\" content=\"714\" \/>\n\t<meta property=\"og:image:type\" content=\"image\/jpeg\" \/>\n<meta name=\"author\" content=\"Agrokuca\" \/>\n<meta name=\"twitter:card\" content=\"summary_large_image\" \/>\n<meta name=\"twitter:label1\" content=\"Written by\" \/>\n\t<meta name=\"twitter:data1\" content=\"Agrokuca\" \/>\n\t<meta name=\"twitter:label2\" content=\"Est. reading time\" \/>\n\t<meta name=\"twitter:data2\" content=\"1 minute\" \/>\n<script type=\"application\/ld+json\" class=\"yoast-schema-graph\">{\"@context\":\"https:\/\/schema.org\",\"@graph\":[{\"@type\":\"Article\",\"@id\":\"https:\/\/agro-kuca.hr\/en\/summer-production-in-garden-center\/#article\",\"isPartOf\":{\"@id\":\"https:\/\/agro-kuca.hr\/en\/summer-production-in-garden-center\/\"},\"author\":{\"name\":\"Agrokuca\",\"@id\":\"https:\/\/agro-kuca.hr\/#\/schema\/person\/ba5d4f7a373e5ad76417c087c8beca08\"},\"headline\":\"Summer production in Garden center\",\"datePublished\":\"2019-08-02T11:46:17+00:00\",\"dateModified\":\"2019-09-04T08:44:55+00:00\",\"mainEntityOfPage\":{\"@id\":\"https:\/\/agro-kuca.hr\/en\/summer-production-in-garden-center\/\"},\"wordCount\":114,\"commentCount\":0,\"publisher\":{\"@id\":\"https:\/\/agro-kuca.hr\/#organization\"},\"image\":{\"@id\":\"https:\/\/agro-kuca.hr\/en\/summer-production-in-garden-center\/#primaryimage\"},\"thumbnailUrl\":\"https:\/\/agro-kuca.hr\/wp-content\/uploads\/2019\/08\/naslova.jpg\",\"articleSection\":[\"News\"],\"inLanguage\":\"en-US\",\"potentialAction\":[{\"@type\":\"CommentAction\",\"name\":\"Comment\",\"target\":[\"https:\/\/agro-kuca.hr\/en\/summer-production-in-garden-center\/#respond\"]}]},{\"@type\":\"WebPage\",\"@id\":\"https:\/\/agro-kuca.hr\/en\/summer-production-in-garden-center\/\",\"url\":\"https:\/\/agro-kuca.hr\/en\/summer-production-in-garden-center\/\",\"name\":\"Summer production in Garden center - Agro-ku\u0107a d.o.o., Koprivnica\",\"isPartOf\":{\"@id\":\"https:\/\/agro-kuca.hr\/#website\"},\"primaryImageOfPage\":{\"@id\":\"https:\/\/agro-kuca.hr\/en\/summer-production-in-garden-center\/#primaryimage\"},\"image\":{\"@id\":\"https:\/\/agro-kuca.hr\/en\/summer-production-in-garden-center\/#primaryimage\"},\"thumbnailUrl\":\"https:\/\/agro-kuca.hr\/wp-content\/uploads\/2019\/08\/naslova.jpg\",\"datePublished\":\"2019-08-02T11:46:17+00:00\",\"dateModified\":\"2019-09-04T08:44:55+00:00\",\"breadcrumb\":{\"@id\":\"https:\/\/agro-kuca.hr\/en\/summer-production-in-garden-center\/#breadcrumb\"},\"inLanguage\":\"en-US\",\"potentialAction\":[{\"@type\":\"ReadAction\",\"target\":[\"https:\/\/agro-kuca.hr\/en\/summer-production-in-garden-center\/\"]}]},{\"@type\":\"ImageObject\",\"inLanguage\":\"en-US\",\"@id\":\"https:\/\/agro-kuca.hr\/en\/summer-production-in-garden-center\/#primaryimage\",\"url\":\"https:\/\/agro-kuca.hr\/wp-content\/uploads\/2019\/08\/naslova.jpg\",\"contentUrl\":\"https:\/\/agro-kuca.hr\/wp-content\/uploads\/2019\/08\/naslova.jpg\",\"width\":3401,\"height\":2373},{\"@type\":\"BreadcrumbList\",\"@id\":\"https:\/\/agro-kuca.hr\/en\/summer-production-in-garden-center\/#breadcrumb\",\"itemListElement\":[{\"@type\":\"ListItem\",\"position\":1,\"name\":\"Po\u010detna stranica\",\"item\":\"https:\/\/agro-kuca.hr\/\"},{\"@type\":\"ListItem\",\"position\":2,\"name\":\"Summer production in Garden center\"}]},{\"@type\":\"WebSite\",\"@id\":\"https:\/\/agro-kuca.hr\/#website\",\"url\":\"https:\/\/agro-kuca.hr\/\",\"name\":\"Agro-ku\u0107a d.o.o., Koprivnica\",\"description\":\"Agro-ku\u0107a d.o.o. sa sjedi\u0161tem u Koprivnici. Veleprodaja i maloprodaja proizvoda za poljoprivredu. Vrtni centar. Turizam.\",\"publisher\":{\"@id\":\"https:\/\/agro-kuca.hr\/#organization\"},\"potentialAction\":[{\"@type\":\"SearchAction\",\"target\":{\"@type\":\"EntryPoint\",\"urlTemplate\":\"https:\/\/agro-kuca.hr\/?s={search_term_string}\"},\"query-input\":{\"@type\":\"PropertyValueSpecification\",\"valueRequired\":true,\"valueName\":\"search_term_string\"}}],\"inLanguage\":\"en-US\"},{\"@type\":\"Organization\",\"@id\":\"https:\/\/agro-kuca.hr\/#organization\",\"name\":\"Agro-ku\u0107a d.o.o.\",\"url\":\"https:\/\/agro-kuca.hr\/\",\"logo\":{\"@type\":\"ImageObject\",\"inLanguage\":\"en-US\",\"@id\":\"https:\/\/agro-kuca.hr\/#\/schema\/logo\/image\/\",\"url\":\"https:\/\/agro-kuca.hr\/wp-content\/uploads\/2019\/07\/agrokuca-logo.png\",\"contentUrl\":\"https:\/\/agro-kuca.hr\/wp-content\/uploads\/2019\/07\/agrokuca-logo.png\",\"width\":300,\"height\":84,\"caption\":\"Agro-ku\u0107a d.o.o.\"},\"image\":{\"@id\":\"https:\/\/agro-kuca.hr\/#\/schema\/logo\/image\/\"},\"sameAs\":[\"https:\/\/www.facebook.com\/AgroKucaKoprivnica\/\"]},{\"@type\":\"Person\",\"@id\":\"https:\/\/agro-kuca.hr\/#\/schema\/person\/ba5d4f7a373e5ad76417c087c8beca08\",\"name\":\"Agrokuca\",\"image\":{\"@type\":\"ImageObject\",\"inLanguage\":\"en-US\",\"@id\":\"https:\/\/agro-kuca.hr\/#\/schema\/person\/image\/\",\"url\":\"https:\/\/secure.gravatar.com\/avatar\/cb9850feb8aa40694e83511d6ef922fa87ef190abea65497bfc8dc4f1a4d63f8?s=96&d=mm&r=g\",\"contentUrl\":\"https:\/\/secure.gravatar.com\/avatar\/cb9850feb8aa40694e83511d6ef922fa87ef190abea65497bfc8dc4f1a4d63f8?s=96&d=mm&r=g\",\"caption\":\"Agrokuca\"},\"url\":\"https:\/\/agro-kuca.hr\/en\/author\/agrokuca\/\"}]}<\/script>\n<!-- \/ Yoast SEO plugin. -->","yoast_head_json":{"title":"Summer production in Garden center - Agro-ku\u0107a d.o.o., Koprivnica","robots":{"index":"index","follow":"follow","max-snippet":"max-snippet:-1","max-image-preview":"max-image-preview:large","max-video-preview":"max-video-preview:-1"},"canonical":"https:\/\/agro-kuca.hr\/en\/summer-production-in-garden-center\/","og_locale":"en_US","og_type":"article","og_title":"Summer production in Garden center - Agro-ku\u0107a d.o.o., Koprivnica","og_description":"There is no rest in production facilities of our Garden Center even in the summer season. A new production cycle [&hellip;]","og_url":"https:\/\/agro-kuca.hr\/en\/summer-production-in-garden-center\/","og_site_name":"Agro-ku\u0107a d.o.o., Koprivnica","article_publisher":"https:\/\/www.facebook.com\/AgroKucaKoprivnica\/","article_published_time":"2019-08-02T11:46:17+00:00","article_modified_time":"2019-09-04T08:44:55+00:00","og_image":[{"width":1024,"height":714,"url":"https:\/\/agro-kuca.hr\/wp-content\/uploads\/2019\/08\/naslova-1024x714.jpg","type":"image\/jpeg"}],"author":"Agrokuca","twitter_card":"summary_large_image","twitter_misc":{"Written by":"Agrokuca","Est. reading time":"1 minute"},"schema":{"@context":"https:\/\/schema.org","@graph":[{"@type":"Article","@id":"https:\/\/agro-kuca.hr\/en\/summer-production-in-garden-center\/#article","isPartOf":{"@id":"https:\/\/agro-kuca.hr\/en\/summer-production-in-garden-center\/"},"author":{"name":"Agrokuca","@id":"https:\/\/agro-kuca.hr\/#\/schema\/person\/ba5d4f7a373e5ad76417c087c8beca08"},"headline":"Summer production in Garden center","datePublished":"2019-08-02T11:46:17+00:00","dateModified":"2019-09-04T08:44:55+00:00","mainEntityOfPage":{"@id":"https:\/\/agro-kuca.hr\/en\/summer-production-in-garden-center\/"},"wordCount":114,"commentCount":0,"publisher":{"@id":"https:\/\/agro-kuca.hr\/#organization"},"image":{"@id":"https:\/\/agro-kuca.hr\/en\/summer-production-in-garden-center\/#primaryimage"},"thumbnailUrl":"https:\/\/agro-kuca.hr\/wp-content\/uploads\/2019\/08\/naslova.jpg","articleSection":["News"],"inLanguage":"en-US","potentialAction":[{"@type":"CommentAction","name":"Comment","target":["https:\/\/agro-kuca.hr\/en\/summer-production-in-garden-center\/#respond"]}]},{"@type":"WebPage","@id":"https:\/\/agro-kuca.hr\/en\/summer-production-in-garden-center\/","url":"https:\/\/agro-kuca.hr\/en\/summer-production-in-garden-center\/","name":"Summer production in Garden center - Agro-ku\u0107a d.o.o., Koprivnica","isPartOf":{"@id":"https:\/\/agro-kuca.hr\/#website"},"primaryImageOfPage":{"@id":"https:\/\/agro-kuca.hr\/en\/summer-production-in-garden-center\/#primaryimage"},"image":{"@id":"https:\/\/agro-kuca.hr\/en\/summer-production-in-garden-center\/#primaryimage"},"thumbnailUrl":"https:\/\/agro-kuca.hr\/wp-content\/uploads\/2019\/08\/naslova.jpg","datePublished":"2019-08-02T11:46:17+00:00","dateModified":"2019-09-04T08:44:55+00:00","breadcrumb":{"@id":"https:\/\/agro-kuca.hr\/en\/summer-production-in-garden-center\/#breadcrumb"},"inLanguage":"en-US","potentialAction":[{"@type":"ReadAction","target":["https:\/\/agro-kuca.hr\/en\/summer-production-in-garden-center\/"]}]},{"@type":"ImageObject","inLanguage":"en-US","@id":"https:\/\/agro-kuca.hr\/en\/summer-production-in-garden-center\/#primaryimage","url":"https:\/\/agro-kuca.hr\/wp-content\/uploads\/2019\/08\/naslova.jpg","contentUrl":"https:\/\/agro-kuca.hr\/wp-content\/uploads\/2019\/08\/naslova.jpg","width":3401,"height":2373},{"@type":"BreadcrumbList","@id":"https:\/\/agro-kuca.hr\/en\/summer-production-in-garden-center\/#breadcrumb","itemListElement":[{"@type":"ListItem","position":1,"name":"Po\u010detna stranica","item":"https:\/\/agro-kuca.hr\/"},{"@type":"ListItem","position":2,"name":"Summer production in Garden center"}]},{"@type":"WebSite","@id":"https:\/\/agro-kuca.hr\/#website","url":"https:\/\/agro-kuca.hr\/","name":"Agro-ku\u0107a d.o.o., Koprivnica","description":"Agro-ku\u0107a d.o.o. sa sjedi\u0161tem u Koprivnici. Veleprodaja i maloprodaja proizvoda za poljoprivredu. Vrtni centar. Turizam.","publisher":{"@id":"https:\/\/agro-kuca.hr\/#organization"},"potentialAction":[{"@type":"SearchAction","target":{"@type":"EntryPoint","urlTemplate":"https:\/\/agro-kuca.hr\/?s={search_term_string}"},"query-input":{"@type":"PropertyValueSpecification","valueRequired":true,"valueName":"search_term_string"}}],"inLanguage":"en-US"},{"@type":"Organization","@id":"https:\/\/agro-kuca.hr\/#organization","name":"Agro-ku\u0107a d.o.o.","url":"https:\/\/agro-kuca.hr\/","logo":{"@type":"ImageObject","inLanguage":"en-US","@id":"https:\/\/agro-kuca.hr\/#\/schema\/logo\/image\/","url":"https:\/\/agro-kuca.hr\/wp-content\/uploads\/2019\/07\/agrokuca-logo.png","contentUrl":"https:\/\/agro-kuca.hr\/wp-content\/uploads\/2019\/07\/agrokuca-logo.png","width":300,"height":84,"caption":"Agro-ku\u0107a d.o.o."},"image":{"@id":"https:\/\/agro-kuca.hr\/#\/schema\/logo\/image\/"},"sameAs":["https:\/\/www.facebook.com\/AgroKucaKoprivnica\/"]},{"@type":"Person","@id":"https:\/\/agro-kuca.hr\/#\/schema\/person\/ba5d4f7a373e5ad76417c087c8beca08","name":"Agrokuca","image":{"@type":"ImageObject","inLanguage":"en-US","@id":"https:\/\/agro-kuca.hr\/#\/schema\/person\/image\/","url":"https:\/\/secure.gravatar.com\/avatar\/cb9850feb8aa40694e83511d6ef922fa87ef190abea65497bfc8dc4f1a4d63f8?s=96&d=mm&r=g","contentUrl":"https:\/\/secure.gravatar.com\/avatar\/cb9850feb8aa40694e83511d6ef922fa87ef190abea65497bfc8dc4f1a4d63f8?s=96&d=mm&r=g","caption":"Agrokuca"},"url":"https:\/\/agro-kuca.hr\/en\/author\/agrokuca\/"}]}},"_links":{"self":[{"href":"https:\/\/agro-kuca.hr\/en\/wp-json\/wp\/v2\/posts\/9512","targetHints":{"allow":["GET"]}}],"collection":[{"href":"https:\/\/agro-kuca.hr\/en\/wp-json\/wp\/v2\/posts"}],"about":[{"href":"https:\/\/agro-kuca.hr\/en\/wp-json\/wp\/v2\/types\/post"}],"author":[{"embeddable":true,"href":"https:\/\/agro-kuca.hr\/en\/wp-json\/wp\/v2\/users\/4"}],"replies":[{"embeddable":true,"href":"https:\/\/agro-kuca.hr\/en\/wp-json\/wp\/v2\/comments?post=9512"}],"version-history":[{"count":0,"href":"https:\/\/agro-kuca.hr\/en\/wp-json\/wp\/v2\/posts\/9512\/revisions"}],"wp:featuredmedia":[{"embeddable":true,"href":"https:\/\/agro-kuca.hr\/en\/wp-json\/wp\/v2\/media\/9514"}],"wp:attachment":[{"href":"https:\/\/agro-kuca.hr\/en\/wp-json\/wp\/v2\/media?parent=9512"}],"wp:term":[{"taxonomy":"category","embeddable":true,"href":"https:\/\/agro-kuca.hr\/en\/wp-json\/wp\/v2\/categories?post=9512"},{"taxonomy":"post_tag","embeddable":true,"href":"https:\/\/agro-kuca.hr\/en\/wp-json\/wp\/v2\/tags?post=9512"}],"curies":[{"name":"wp","href":"https:\/\/api.w.org\/{rel}","templated":true}]}}